{"id":133,"date":"2016-10-08T16:34:22","date_gmt":"2016-10-08T19:34:22","guid":{"rendered":"http:\/\/atlasparasitologia.sites.uff.br\/?p=133"},"modified":"2022-11-16T22:23:13","modified_gmt":"2022-11-17T01:23:13","slug":"entamoeba-coli","status":"publish","type":"post","link":"http:\/\/atlasparasitologia.sites.uff.br\/?p=133","title":{"rendered":"Entamoeba coli"},"content":{"rendered":"\n<p><span class=\"Corpo\"><strong>Agente etiol\u00f3gico:<\/strong> <em>Entamoeba coli <\/em><\/span><\/p>\n\n\n\n<p><strong>CISTO<\/strong> maduro de forma arredondada, com parede c\u00edstica delicada, contendo at\u00e9 8 n\u00facleos com cariossoma central.<\/p>\n\n\n\n<p>Tamanho:15 a 25 \u00b5m<\/p>\n\n\n\n<p><strong>Origem do material:<\/strong> Fezes<\/p>\n\n\n\n<p><strong>Hospedeiro:<\/strong> humano&nbsp;&nbsp;&nbsp;&nbsp;&nbsp;&nbsp;&nbsp;&nbsp;&nbsp;&nbsp;&nbsp;&nbsp;&nbsp;&nbsp;&nbsp;&nbsp;&nbsp;&nbsp;&nbsp;&nbsp;&nbsp;&nbsp;&nbsp;&nbsp;&nbsp;&nbsp;&nbsp;&nbsp;&nbsp;&nbsp;&nbsp;&nbsp;&nbsp;&nbsp;&nbsp; <strong>Colora\u00e7\u00e3o:<\/strong> Sem colora\u00e7\u00e3o<\/p>\n\n\n\n<figure class=\"wp-block-image\"><img loading=\"lazy\" decoding=\"async\" width=\"300\" height=\"225\" src=\"http:\/\/atlasparasitologia.sites.uff.br\/wp-content\/uploads\/sites\/41\/2016\/09\/Ecolicisto1sc-300x225.jpg\" alt=\"ecolicisto1sc\" class=\"wp-image-134\" srcset=\"http:\/\/atlasparasitologia.sites.uff.br\/wp-content\/uploads\/sites\/41\/2016\/09\/Ecolicisto1sc-300x225.jpg 300w, http:\/\/atlasparasitologia.sites.uff.br\/wp-content\/uploads\/sites\/41\/2016\/09\/Ecolicisto1sc-768x576.jpg 768w, http:\/\/atlasparasitologia.sites.uff.br\/wp-content\/uploads\/sites\/41\/2016\/09\/Ecolicisto1sc-160x120.jpg 160w, http:\/\/atlasparasitologia.sites.uff.br\/wp-content\/uploads\/sites\/41\/2016\/09\/Ecolicisto1sc.jpg 960w\" sizes=\"auto, (max-width: 300px) 100vw, 300px\" \/><\/figure>\n\n\n\n<figure class=\"wp-block-image\"><img loading=\"lazy\" decoding=\"async\" width=\"300\" height=\"225\" src=\"http:\/\/atlasparasitologia.sites.uff.br\/wp-content\/uploads\/sites\/41\/2016\/09\/Ecolicisto2sc-300x225.jpg\" alt=\"ecolicisto2sc\" class=\"wp-image-135\" srcset=\"http:\/\/atlasparasitologia.sites.uff.br\/wp-content\/uploads\/sites\/41\/2016\/09\/Ecolicisto2sc-300x225.jpg 300w, http:\/\/atlasparasitologia.sites.uff.br\/wp-content\/uploads\/sites\/41\/2016\/09\/Ecolicisto2sc-768x576.jpg 768w, http:\/\/atlasparasitologia.sites.uff.br\/wp-content\/uploads\/sites\/41\/2016\/09\/Ecolicisto2sc-160x120.jpg 160w, http:\/\/atlasparasitologia.sites.uff.br\/wp-content\/uploads\/sites\/41\/2016\/09\/Ecolicisto2sc.jpg 960w\" sizes=\"auto, (max-width: 300px) 100vw, 300px\" \/><\/figure>\n\n\n\n<figure class=\"wp-block-image\"><img loading=\"lazy\" decoding=\"async\" width=\"300\" height=\"225\" src=\"http:\/\/atlasparasitologia.sites.uff.br\/wp-content\/uploads\/sites\/41\/2016\/09\/Ecolicisto3sc-300x225.jpg\" alt=\"ecolicisto3sc\" class=\"wp-image-136\" srcset=\"http:\/\/atlasparasitologia.sites.uff.br\/wp-content\/uploads\/sites\/41\/2016\/09\/Ecolicisto3sc-300x225.jpg 300w, http:\/\/atlasparasitologia.sites.uff.br\/wp-content\/uploads\/sites\/41\/2016\/09\/Ecolicisto3sc-768x576.jpg 768w, http:\/\/atlasparasitologia.sites.uff.br\/wp-content\/uploads\/sites\/41\/2016\/09\/Ecolicisto3sc-160x120.jpg 160w, http:\/\/atlasparasitologia.sites.uff.br\/wp-content\/uploads\/sites\/41\/2016\/09\/Ecolicisto3sc.jpg 960w\" sizes=\"auto, (max-width: 300px) 100vw, 300px\" \/><\/figure>\n\n\n\n<figure class=\"wp-block-image\"><img loading=\"lazy\" decoding=\"async\" width=\"300\" height=\"225\" src=\"http:\/\/atlasparasitologia.sites.uff.br\/wp-content\/uploads\/sites\/41\/2016\/09\/Ecolicisto4sc-300x225.jpg\" alt=\"ecolicisto4sc\" class=\"wp-image-137\" srcset=\"http:\/\/atlasparasitologia.sites.uff.br\/wp-content\/uploads\/sites\/41\/2016\/09\/Ecolicisto4sc-300x225.jpg 300w, http:\/\/atlasparasitologia.sites.uff.br\/wp-content\/uploads\/sites\/41\/2016\/09\/Ecolicisto4sc-768x576.jpg 768w, http:\/\/atlasparasitologia.sites.uff.br\/wp-content\/uploads\/sites\/41\/2016\/09\/Ecolicisto4sc-160x120.jpg 160w, http:\/\/atlasparasitologia.sites.uff.br\/wp-content\/uploads\/sites\/41\/2016\/09\/Ecolicisto4sc.jpg 960w\" sizes=\"auto, (max-width: 300px) 100vw, 300px\" \/><\/figure>\n\n\n\n<figure class=\"wp-block-image\"><a href=\"http:\/\/atlasparasitologia.sites.uff.br\/?attachment_id=9270\" rel=\"attachment wp-att-9270\"><img loading=\"lazy\" decoding=\"async\" width=\"300\" height=\"300\" src=\"http:\/\/atlasparasitologia.sites.uff.br\/wp-content\/uploads\/sites\/41\/2016\/10\/E-coli-300x300.png\" alt=\"Entamoeba coli\" class=\"wp-image-9270\" srcset=\"http:\/\/atlasparasitologia.sites.uff.br\/wp-content\/uploads\/sites\/41\/2016\/10\/E-coli-300x300.png 300w, http:\/\/atlasparasitologia.sites.uff.br\/wp-content\/uploads\/sites\/41\/2016\/10\/E-coli-150x150.png 150w, http:\/\/atlasparasitologia.sites.uff.br\/wp-content\/uploads\/sites\/41\/2016\/10\/E-coli.png 400w\" sizes=\"auto, (max-width: 300px) 100vw, 300px\" \/><\/a><\/figure>\n\n\n\n<figure class=\"wp-block-image\"><a href=\"http:\/\/atlasparasitologia.sites.uff.br\/?attachment_id=9272\" rel=\"attachment wp-att-9272\"><img loading=\"lazy\" decoding=\"async\" width=\"300\" height=\"300\" src=\"http:\/\/atlasparasitologia.sites.uff.br\/wp-content\/uploads\/sites\/41\/2016\/10\/e-coli-2-300x300.png\" alt=\"Entamoeba coli\" class=\"wp-image-9272\" srcset=\"http:\/\/atlasparasitologia.sites.uff.br\/wp-content\/uploads\/sites\/41\/2016\/10\/e-coli-2-300x300.png 300w, http:\/\/atlasparasitologia.sites.uff.br\/wp-content\/uploads\/sites\/41\/2016\/10\/e-coli-2-150x150.png 150w, http:\/\/atlasparasitologia.sites.uff.br\/wp-content\/uploads\/sites\/41\/2016\/10\/e-coli-2.png 400w\" sizes=\"auto, (max-width: 300px) 100vw, 300px\" \/><\/a><\/figure>\n\n\n\n<p><strong>TROFOZO\u00cdTA<\/strong> de forma irregular, com membrana citoplasm\u00e1tica delicada, presen\u00e7a de um n\u00facleo com cariossoma exc\u00eantrico e grosseiro e cromatina perif\u00e9rica formada por gr\u00e2nulos grosseiros e de distribui\u00e7\u00e3o irregular. Apresenta citoplasma com vac\u00faolos gerando o aspecto de &#8220;sujo&#8221;.<\/p>\n\n\n\n<p>Tamanho: 18 a 28 \u00b5m<\/p>\n\n\n\n<p><strong>Colora\u00e7\u00e3o:<\/strong> Hematoxilina-f\u00e9rrica<\/p>\n\n\n\n<figure class=\"wp-block-image\"><img loading=\"lazy\" decoding=\"async\" width=\"300\" height=\"225\" src=\"http:\/\/atlasparasitologia.sites.uff.br\/wp-content\/uploads\/sites\/41\/2016\/09\/Ecolitrof6-300x225.jpg\" alt=\"ecolitrof6\" class=\"wp-image-138\" srcset=\"http:\/\/atlasparasitologia.sites.uff.br\/wp-content\/uploads\/sites\/41\/2016\/09\/Ecolitrof6-300x225.jpg 300w, http:\/\/atlasparasitologia.sites.uff.br\/wp-content\/uploads\/sites\/41\/2016\/09\/Ecolitrof6-768x576.jpg 768w, http:\/\/atlasparasitologia.sites.uff.br\/wp-content\/uploads\/sites\/41\/2016\/09\/Ecolitrof6-160x120.jpg 160w, http:\/\/atlasparasitologia.sites.uff.br\/wp-content\/uploads\/sites\/41\/2016\/09\/Ecolitrof6.jpg 960w\" sizes=\"auto, (max-width: 300px) 100vw, 300px\" \/><\/figure>\n\n\n\n<figure class=\"wp-block-image\"><img loading=\"lazy\" decoding=\"async\" width=\"300\" height=\"225\" src=\"http:\/\/atlasparasitologia.sites.uff.br\/wp-content\/uploads\/sites\/41\/2016\/09\/Ecolitrofo5-300x225.jpg\" alt=\"ecolitrofo5\" class=\"wp-image-139\" srcset=\"http:\/\/atlasparasitologia.sites.uff.br\/wp-content\/uploads\/sites\/41\/2016\/09\/Ecolitrofo5-300x225.jpg 300w, http:\/\/atlasparasitologia.sites.uff.br\/wp-content\/uploads\/sites\/41\/2016\/09\/Ecolitrofo5-768x576.jpg 768w, http:\/\/atlasparasitologia.sites.uff.br\/wp-content\/uploads\/sites\/41\/2016\/09\/Ecolitrofo5-160x120.jpg 160w, http:\/\/atlasparasitologia.sites.uff.br\/wp-content\/uploads\/sites\/41\/2016\/09\/Ecolitrofo5.jpg 960w\" sizes=\"auto, (max-width: 300px) 100vw, 300px\" \/><\/figure>\n\n\n\n<figure class=\"wp-block-image size-large is-resized\"><img loading=\"lazy\" decoding=\"async\" src=\"http:\/\/atlasparasitologia.sites.uff.br\/wp-content\/uploads\/sites\/41\/2022\/11\/EC-trofo-1-1024x1024.png\" alt=\"\" class=\"wp-image-10245\" width=\"297\" height=\"297\" srcset=\"http:\/\/atlasparasitologia.sites.uff.br\/wp-content\/uploads\/sites\/41\/2022\/11\/EC-trofo-1-1024x1024.png 1024w, http:\/\/atlasparasitologia.sites.uff.br\/wp-content\/uploads\/sites\/41\/2022\/11\/EC-trofo-1-300x300.png 300w, http:\/\/atlasparasitologia.sites.uff.br\/wp-content\/uploads\/sites\/41\/2022\/11\/EC-trofo-1-150x150.png 150w, http:\/\/atlasparasitologia.sites.uff.br\/wp-content\/uploads\/sites\/41\/2022\/11\/EC-trofo-1-768x768.png 768w, http:\/\/atlasparasitologia.sites.uff.br\/wp-content\/uploads\/sites\/41\/2022\/11\/EC-trofo-1.png 1080w\" sizes=\"auto, (max-width: 297px) 100vw, 297px\" \/><\/figure>\n\n\n\n<figure class=\"wp-block-image size-large is-resized\"><img loading=\"lazy\" decoding=\"async\" src=\"http:\/\/atlasparasitologia.sites.uff.br\/wp-content\/uploads\/sites\/41\/2022\/11\/EC-trofo-2-1024x1024.png\" alt=\"\" class=\"wp-image-10246\" width=\"303\" height=\"303\" srcset=\"http:\/\/atlasparasitologia.sites.uff.br\/wp-content\/uploads\/sites\/41\/2022\/11\/EC-trofo-2-1024x1024.png 1024w, http:\/\/atlasparasitologia.sites.uff.br\/wp-content\/uploads\/sites\/41\/2022\/11\/EC-trofo-2-300x300.png 300w, http:\/\/atlasparasitologia.sites.uff.br\/wp-content\/uploads\/sites\/41\/2022\/11\/EC-trofo-2-150x150.png 150w, http:\/\/atlasparasitologia.sites.uff.br\/wp-content\/uploads\/sites\/41\/2022\/11\/EC-trofo-2-768x768.png 768w, http:\/\/atlasparasitologia.sites.uff.br\/wp-content\/uploads\/sites\/41\/2022\/11\/EC-trofo-2.png 1080w\" sizes=\"auto, (max-width: 303px) 100vw, 303px\" \/><\/figure>\n\n\n\n<p><\/p>\n","protected":false},"excerpt":{"rendered":"<p>Agente etiol\u00f3gico: Entamoeba coli CISTO maduro de forma arredondada, com parede c\u00edstica delicada, contendo at\u00e9 8 n\u00facleos com cariossoma central. Tamanho:15 a 25 \u00b5m Origem do material: Fezes Hospedeiro: humano&nbsp;&nbsp;&nbsp;&nbsp;&nbsp;&nbsp;&nbsp;&nbsp;&nbsp;&nbsp;&nbsp;&nbsp;&nbsp;&nbsp;&nbsp;&nbsp;&nbsp;&nbsp;&nbsp;&nbsp;&nbsp;&nbsp;&nbsp;&nbsp;&nbsp;&nbsp;&nbsp;&nbsp;&nbsp;&nbsp;&nbsp;&nbsp;&nbsp;&nbsp;&nbsp; Colora\u00e7\u00e3o: Sem colora\u00e7\u00e3o TROFOZO\u00cdTA de forma irregular, com membrana citoplasm\u00e1tica delicada, presen\u00e7a de um n\u00facleo com cariossoma exc\u00eantrico e grosseiro e cromatina perif\u00e9rica formada por [&hellip;]<\/p>\n","protected":false},"author":1,"featured_media":0,"comment_status":"open","ping_status":"open","sticky":true,"template":"","format":"image","meta":{"_exactmetrics_skip_tracking":false,"_exactmetrics_sitenote_active":false,"_exactmetrics_sitenote_note":"","_exactmetrics_sitenote_category":0,"footnotes":""},"categories":[22],"tags":[],"class_list":["post-133","post","type-post","status-publish","format-image","hentry","category-entamoeba-coli","post_format-post-format-image"],"_links":{"self":[{"href":"http:\/\/atlasparasitologia.sites.uff.br\/index.php?rest_route=\/wp\/v2\/posts\/133","targetHints":{"allow":["GET"]}}],"collection":[{"href":"http:\/\/atlasparasitologia.sites.uff.br\/index.php?rest_route=\/wp\/v2\/posts"}],"about":[{"href":"http:\/\/atlasparasitologia.sites.uff.br\/index.php?rest_route=\/wp\/v2\/types\/post"}],"author":[{"embeddable":true,"href":"http:\/\/atlasparasitologia.sites.uff.br\/index.php?rest_route=\/wp\/v2\/users\/1"}],"replies":[{"embeddable":true,"href":"http:\/\/atlasparasitologia.sites.uff.br\/index.php?rest_route=%2Fwp%2Fv2%2Fcomments&post=133"}],"version-history":[{"count":10,"href":"http:\/\/atlasparasitologia.sites.uff.br\/index.php?rest_route=\/wp\/v2\/posts\/133\/revisions"}],"predecessor-version":[{"id":10248,"href":"http:\/\/atlasparasitologia.sites.uff.br\/index.php?rest_route=\/wp\/v2\/posts\/133\/revisions\/10248"}],"wp:attachment":[{"href":"http:\/\/atlasparasitologia.sites.uff.br\/index.php?rest_route=%2Fwp%2Fv2%2Fmedia&parent=133"}],"wp:term":[{"taxonomy":"category","embeddable":true,"href":"http:\/\/atlasparasitologia.sites.uff.br\/index.php?rest_route=%2Fwp%2Fv2%2Fcategories&post=133"},{"taxonomy":"post_tag","embeddable":true,"href":"http:\/\/atlasparasitologia.sites.uff.br\/index.php?rest_route=%2Fwp%2Fv2%2Ftags&post=133"}],"curies":[{"name":"wp","href":"https:\/\/api.w.org\/{rel}","templated":true}]}}